{"id":1127,"date":"2023-06-06T11:33:53","date_gmt":"2023-06-06T09:33:53","guid":{"rendered":"https:\/\/mein-burg-gymnasiumwettin.de\/?p=1127"},"modified":"2023-06-06T11:49:51","modified_gmt":"2023-06-06T09:49:51","slug":"sieger-des-audiostream-cover-wettbewerbs-bekannt-und-preisgekroent","status":"publish","type":"post","link":"https:\/\/mein-burg-gymnasiumwettin.de\/index.php\/2023\/06\/06\/sieger-des-audiostream-cover-wettbewerbs-bekannt-und-preisgekroent\/","title":{"rendered":"Sieger des Audiostream-Cover-Wettbewerbs bekannt und preisgekr\u00f6nt"},"content":{"rendered":"\n<figure class=\"wp-block-image size-large\"><img loading=\"lazy\" decoding=\"async\" width=\"1024\" height=\"768\" src=\"https:\/\/mein-burg-gymnasiumwettin.de\/wp-content\/uploads\/2023\/06\/Cover-Wettbewerb-Praemie-1024x768.jpg\" alt=\"\" class=\"wp-image-1128\" srcset=\"https:\/\/mein-burg-gymnasiumwettin.de\/wp-content\/uploads\/2023\/06\/Cover-Wettbewerb-Praemie-1024x768.jpg 1024w, https:\/\/mein-burg-gymnasiumwettin.de\/wp-content\/uploads\/2023\/06\/Cover-Wettbewerb-Praemie-300x225.jpg 300w, https:\/\/mein-burg-gymnasiumwettin.de\/wp-content\/uploads\/2023\/06\/Cover-Wettbewerb-Praemie-768x576.jpg 768w, https:\/\/mein-burg-gymnasiumwettin.de\/wp-content\/uploads\/2023\/06\/Cover-Wettbewerb-Praemie-1536x1152.jpg 1536w, https:\/\/mein-burg-gymnasiumwettin.de\/wp-content\/uploads\/2023\/06\/Cover-Wettbewerb-Praemie-2048x1536.jpg 2048w\" sizes=\"auto, (max-width: 1024px) 100vw, 1024px\" \/><\/figure>\n\n\n\n<p>Im Laufe des Schuljahres wurde ein Cover-Wettbewerb des Audiostream-Anbieters<br>NeoAudio ausgeschrieben, an dem sich insgesamt 19 Sch\u00fclerinnen und Sch\u00fcler unserer<br>Schule beteiligt haben. Eine Jury und die Firma NeoAudio entschied im 2. Schulhalbjahr \u00fcber<br>die Verteilung der Preisgelder und Gewinner.<\/p>\n\n\n\n<figure class=\"wp-block-image size-large\"><img loading=\"lazy\" decoding=\"async\" width=\"1024\" height=\"768\" src=\"https:\/\/mein-burg-gymnasiumwettin.de\/wp-content\/uploads\/2023\/06\/20230316_142629-1024x768.jpg\" alt=\"\" class=\"wp-image-1129\" srcset=\"https:\/\/mein-burg-gymnasiumwettin.de\/wp-content\/uploads\/2023\/06\/20230316_142629-1024x768.jpg 1024w, https:\/\/mein-burg-gymnasiumwettin.de\/wp-content\/uploads\/2023\/06\/20230316_142629-300x225.jpg 300w, https:\/\/mein-burg-gymnasiumwettin.de\/wp-content\/uploads\/2023\/06\/20230316_142629-768x576.jpg 768w, https:\/\/mein-burg-gymnasiumwettin.de\/wp-content\/uploads\/2023\/06\/20230316_142629-1536x1152.jpg 1536w, https:\/\/mein-burg-gymnasiumwettin.de\/wp-content\/uploads\/2023\/06\/20230316_142629-2048x1536.jpg 2048w\" sizes=\"auto, (max-width: 1024px) 100vw, 1024px\" \/><\/figure>\n\n\n\n<p>Lena Bolte aus der 12. Kunstklasse darf sich aufgrund ihres \u00fcberzeugenden Gesamtkonzepts<br>\u00fcber 200Euro Preisgeld freuen. Ihr Entwurf wird 1:1 f\u00fcr den NeoAudio-Sprachkurs der<br>Sprache &#8222;D\u00e4nisch&#8220; umgesetzt und bei vielen popul\u00e4ren Anbietern wie Apple Music, Spotify,<br>Amazon Music u.v.m. ver\u00f6ffentlicht.<\/p>\n\n\n\n<figure class=\"wp-block-image size-large\"><img loading=\"lazy\" decoding=\"async\" width=\"768\" height=\"1024\" src=\"https:\/\/mein-burg-gymnasiumwettin.de\/wp-content\/uploads\/2023\/06\/20230316_142448-768x1024.jpg\" alt=\"\" class=\"wp-image-1131\" srcset=\"https:\/\/mein-burg-gymnasiumwettin.de\/wp-content\/uploads\/2023\/06\/20230316_142448-768x1024.jpg 768w, https:\/\/mein-burg-gymnasiumwettin.de\/wp-content\/uploads\/2023\/06\/20230316_142448-225x300.jpg 225w, https:\/\/mein-burg-gymnasiumwettin.de\/wp-content\/uploads\/2023\/06\/20230316_142448-1152x1536.jpg 1152w, https:\/\/mein-burg-gymnasiumwettin.de\/wp-content\/uploads\/2023\/06\/20230316_142448-1536x2048.jpg 1536w, https:\/\/mein-burg-gymnasiumwettin.de\/wp-content\/uploads\/2023\/06\/20230316_142448-scaled.jpg 1920w\" sizes=\"auto, (max-width: 768px) 100vw, 768px\" \/><\/figure>\n\n\n\n<p><br>Lisa Br\u00f6mme (Kunstklasse 12), Finn Krei\u00dfl (Kl.7\/1), Marie Turowski (Kunstklasse 12)und<br>Isa Tintemann (Kl.12) werden mit 50 Euro ausgezeichnet. Teile ihrer Entw\u00fcrfe finden ebenso<br>Verwendung in Audiostreamingcovern der Sprachkurse f\u00fcr Amazon Music, Spotify, Apple<br>Music, und Co.<\/p>\n\n\n\n<p><br>Unser Wettbewerb und die NeoAudio-Kurse werden von der Europ\u00e4ischen Union und dem<br>Bundesland Sachsen-Anhalt gef\u00f6rdert.<\/p>\n\n\n\n<p>&#8222;Die audiovisuelle Medienproduktion zeichnet sich durch innovative Ausgestaltung, Inhalt<br>und Produktionsprozess aus und tr\u00e4gt zur Entwicklung und St\u00e4rkung des Medien- und<br>Kreativstandortes Sachsen-Anhalt und zur Nachwuchsentwicklung im Medien- und<br>Kreativsektor bei. &#8222;<br>(Quelle: NeoAudio )<\/p>\n\n\n\n<p><br>Somit konnten wir vom Programm Digital creativity Sachsen-Anhalt profitieren und<br>erfolgreiche Erfahrungen in Sachen Grafikdesign machen. Herzlichen Dank daf\u00fcr!<\/p>\n\n\n\n<p><br>www.neoaudio.com<\/p>\n\n\n\n<figure class=\"wp-block-image size-large\"><img loading=\"lazy\" decoding=\"async\" width=\"1024\" height=\"633\" src=\"https:\/\/mein-burg-gymnasiumwettin.de\/wp-content\/uploads\/2023\/06\/20230316_144434-1024x633.jpg\" alt=\"\" class=\"wp-image-1130\" srcset=\"https:\/\/mein-burg-gymnasiumwettin.de\/wp-content\/uploads\/2023\/06\/20230316_144434-1024x633.jpg 1024w, https:\/\/mein-burg-gymnasiumwettin.de\/wp-content\/uploads\/2023\/06\/20230316_144434-300x185.jpg 300w, https:\/\/mein-burg-gymnasiumwettin.de\/wp-content\/uploads\/2023\/06\/20230316_144434-768x475.jpg 768w, https:\/\/mein-burg-gymnasiumwettin.de\/wp-content\/uploads\/2023\/06\/20230316_144434-1536x949.jpg 1536w, https:\/\/mein-burg-gymnasiumwettin.de\/wp-content\/uploads\/2023\/06\/20230316_144434-2048x1265.jpg 2048w\" sizes=\"auto, (max-width: 1024px) 100vw, 1024px\" \/><\/figure>\n\n\n\n<figure class=\"wp-block-image size-large\"><img loading=\"lazy\" decoding=\"async\" width=\"768\" height=\"1024\" src=\"https:\/\/mein-burg-gymnasiumwettin.de\/wp-content\/uploads\/2023\/06\/20230316_114314-768x1024.jpg\" alt=\"\" class=\"wp-image-1132\" srcset=\"https:\/\/mein-burg-gymnasiumwettin.de\/wp-content\/uploads\/2023\/06\/20230316_114314-768x1024.jpg 768w, https:\/\/mein-burg-gymnasiumwettin.de\/wp-content\/uploads\/2023\/06\/20230316_114314-225x300.jpg 225w, https:\/\/mein-burg-gymnasiumwettin.de\/wp-content\/uploads\/2023\/06\/20230316_114314-1152x1536.jpg 1152w, https:\/\/mein-burg-gymnasiumwettin.de\/wp-content\/uploads\/2023\/06\/20230316_114314-1536x2048.jpg 1536w, https:\/\/mein-burg-gymnasiumwettin.de\/wp-content\/uploads\/2023\/06\/20230316_114314-scaled.jpg 1920w\" sizes=\"auto, (max-width: 768px) 100vw, 768px\" \/><\/figure>\n","protected":false},"excerpt":{"rendered":"<p>Im Laufe des Schuljahres wurde ein Cover-Wettbewerb des Audiostream-AnbietersNeoAudio ausgeschrieben, an dem sich insgesamt 19 Sch\u00fclerinnen und Sch\u00fcler unsererSchule beteiligt haben. Eine Jury und die Firma NeoAudio entschied im 2. Schulhalbjahr \u00fcberdie Verteilung der Preisgelder und Gewinner. Lena Bolte aus der 12. Kunstklasse darf sich aufgrund ihres \u00fcberzeugenden Gesamtkonzepts\u00fcber 200Euro Preisgeld freuen. Ihr Entwurf wird 1:1 f\u00fcr den NeoAudio-Sprachkurs derSprache [&hellip;]<\/p>\n","protected":false},"author":2,"featured_media":1131,"comment_status":"closed","ping_status":"closed","sticky":false,"template":"","format":"standard","meta":{"footnotes":""},"categories":[1],"tags":[],"class_list":["post-1127","post","type-post","status-publish","format-standard","has-post-thumbnail","hentry","category-allgemein"],"jetpack_featured_media_url":"https:\/\/mein-burg-gymnasiumwettin.de\/wp-content\/uploads\/2023\/06\/20230316_142448-scaled.jpg","_links":{"self":[{"href":"https:\/\/mein-burg-gymnasiumwettin.de\/index.php\/wp-json\/wp\/v2\/posts\/1127","targetHints":{"allow":["GET"]}}],"collection":[{"href":"https:\/\/mein-burg-gymnasiumwettin.de\/index.php\/wp-json\/wp\/v2\/posts"}],"about":[{"href":"https:\/\/mein-burg-gymnasiumwettin.de\/index.php\/wp-json\/wp\/v2\/types\/post"}],"author":[{"embeddable":true,"href":"https:\/\/mein-burg-gymnasiumwettin.de\/index.php\/wp-json\/wp\/v2\/users\/2"}],"replies":[{"embeddable":true,"href":"https:\/\/mein-burg-gymnasiumwettin.de\/index.php\/wp-json\/wp\/v2\/comments?post=1127"}],"version-history":[{"count":1,"href":"https:\/\/mein-burg-gymnasiumwettin.de\/index.php\/wp-json\/wp\/v2\/posts\/1127\/revisions"}],"predecessor-version":[{"id":1133,"href":"https:\/\/mein-burg-gymnasiumwettin.de\/index.php\/wp-json\/wp\/v2\/posts\/1127\/revisions\/1133"}],"wp:featuredmedia":[{"embeddable":true,"href":"https:\/\/mein-burg-gymnasiumwettin.de\/index.php\/wp-json\/wp\/v2\/media\/1131"}],"wp:attachment":[{"href":"https:\/\/mein-burg-gymnasiumwettin.de\/index.php\/wp-json\/wp\/v2\/media?parent=1127"}],"wp:term":[{"taxonomy":"category","embeddable":true,"href":"https:\/\/mein-burg-gymnasiumwettin.de\/index.php\/wp-json\/wp\/v2\/categories?post=1127"},{"taxonomy":"post_tag","embeddable":true,"href":"https:\/\/mein-burg-gymnasiumwettin.de\/index.php\/wp-json\/wp\/v2\/tags?post=1127"}],"curies":[{"name":"wp","href":"https:\/\/api.w.org\/{rel}","templated":true}]}}