{"id":779,"date":"2022-06-12T13:45:46","date_gmt":"2022-06-12T11:45:46","guid":{"rendered":"https:\/\/mein-burg-gymnasiumwettin.de\/?p=779"},"modified":"2022-06-13T09:37:14","modified_gmt":"2022-06-13T07:37:14","slug":"herzliche-einladung","status":"publish","type":"post","link":"https:\/\/mein-burg-gymnasiumwettin.de\/index.php\/2022\/06\/12\/herzliche-einladung\/","title":{"rendered":"Endlich wieder ausstellen!!!"},"content":{"rendered":"\n<p>EigenArt \u2013 Kunstausstellung der wettiner Kunstsch\u00fcler*innen<\/p>\n\n\n\n<figure class=\"wp-block-image size-large\"><img loading=\"lazy\" decoding=\"async\" width=\"725\" height=\"1024\" src=\"https:\/\/mein-burg-gymnasiumwettin.de\/wp-content\/uploads\/2022\/06\/20220504_074044_medium2805654767270788705-725x1024.jpg\" alt=\"\" class=\"wp-image-778\" srcset=\"https:\/\/mein-burg-gymnasiumwettin.de\/wp-content\/uploads\/2022\/06\/20220504_074044_medium2805654767270788705-725x1024.jpg 725w, https:\/\/mein-burg-gymnasiumwettin.de\/wp-content\/uploads\/2022\/06\/20220504_074044_medium2805654767270788705-213x300.jpg 213w, https:\/\/mein-burg-gymnasiumwettin.de\/wp-content\/uploads\/2022\/06\/20220504_074044_medium2805654767270788705-768x1084.jpg 768w, https:\/\/mein-burg-gymnasiumwettin.de\/wp-content\/uploads\/2022\/06\/20220504_074044_medium2805654767270788705-1088x1536.jpg 1088w, https:\/\/mein-burg-gymnasiumwettin.de\/wp-content\/uploads\/2022\/06\/20220504_074044_medium2805654767270788705.jpg 1360w\" sizes=\"auto, (max-width: 725px) 100vw, 725px\" \/><\/figure>\n\n\n\n<p>Vom\u00a0<strong>06.07.- 28.08.2022<\/strong>\u00a0findet im\u00a0<strong>Rathaus der Stadt Halle\/Saale in der 1. Etage<\/strong>\u00a0eine Kunstausstellung unserer Kunstsch\u00fcler*innen des Burg-Gymnasiums Wettin statt. Unser Gymnasium mit speziellem Kunstzweig ist in Sachsen-Anhalt einzigartig und feiert im Herbst sein<strong>\u00a030j\u00e4hriges Schuljubil\u00e4um<\/strong>. Ab Klasse 9 werden j\u00e4hrlich kunstinteressierte\u00a0 und k\u00fcnstlerisch begabte Sch\u00fcler*innen aus unserem und angrenzenden Bundesl\u00e4ndern aufgenommen, die nun endlich wieder die M\u00f6glichkeit haben Ihre Arbeiten im Kontext unserer traditionellen Jahresausstellung zu pr\u00e4sentieren.<\/p>\n\n\n\n<p>Die Er\u00f6ffnung der Ausstellung mit dem Titel &#8220;&nbsp;<strong>EigenArt<\/strong>&#8220; erfolgt am selbigen Tag<strong>&nbsp;um 16 Uhr mit kleinem Rahmenprogramm<\/strong>, wozu jede\/r Kunstinteressierte herzlich eingeladen ist. Wer noch mehr Kunst sehen und das Gymnasium in der sehenswerten Burg kennenlernen m\u00f6chte, ist auch gern am<strong>&nbsp;1. Oktober 2022 zum Tag der offenen T\u00fcr<\/strong>&nbsp;herzlich eingeladen.<\/p>\n","protected":false},"excerpt":{"rendered":"<p>EigenArt \u2013 Kunstausstellung der wettiner Kunstsch\u00fcler*innen Vom\u00a006.07.- 28.08.2022\u00a0findet im\u00a0Rathaus der Stadt Halle\/Saale in der 1. Etage\u00a0eine Kunstausstellung unserer Kunstsch\u00fcler*innen des Burg-Gymnasiums Wettin statt. Unser Gymnasium mit speziellem Kunstzweig ist in Sachsen-Anhalt einzigartig und feiert im Herbst sein\u00a030j\u00e4hriges Schuljubil\u00e4um. Ab Klasse 9 werden j\u00e4hrlich kunstinteressierte\u00a0 und k\u00fcnstlerisch begabte Sch\u00fcler*innen aus unserem und angrenzenden Bundesl\u00e4ndern aufgenommen, die nun endlich wieder die M\u00f6glichkeit [&hellip;]<\/p>\n","protected":false},"author":2,"featured_media":778,"comment_status":"closed","ping_status":"","sticky":false,"template":"","format":"standard","meta":{"footnotes":""},"categories":[1],"tags":[],"class_list":["post-779","post","type-post","status-publish","format-standard","has-post-thumbnail","hentry","category-allgemein"],"jetpack_featured_media_url":"https:\/\/mein-burg-gymnasiumwettin.de\/wp-content\/uploads\/2022\/06\/20220504_074044_medium2805654767270788705.jpg","_links":{"self":[{"href":"https:\/\/mein-burg-gymnasiumwettin.de\/index.php\/wp-json\/wp\/v2\/posts\/779","targetHints":{"allow":["GET"]}}],"collection":[{"href":"https:\/\/mein-burg-gymnasiumwettin.de\/index.php\/wp-json\/wp\/v2\/posts"}],"about":[{"href":"https:\/\/mein-burg-gymnasiumwettin.de\/index.php\/wp-json\/wp\/v2\/types\/post"}],"author":[{"embeddable":true,"href":"https:\/\/mein-burg-gymnasiumwettin.de\/index.php\/wp-json\/wp\/v2\/users\/2"}],"replies":[{"embeddable":true,"href":"https:\/\/mein-burg-gymnasiumwettin.de\/index.php\/wp-json\/wp\/v2\/comments?post=779"}],"version-history":[{"count":2,"href":"https:\/\/mein-burg-gymnasiumwettin.de\/index.php\/wp-json\/wp\/v2\/posts\/779\/revisions"}],"predecessor-version":[{"id":781,"href":"https:\/\/mein-burg-gymnasiumwettin.de\/index.php\/wp-json\/wp\/v2\/posts\/779\/revisions\/781"}],"wp:featuredmedia":[{"embeddable":true,"href":"https:\/\/mein-burg-gymnasiumwettin.de\/index.php\/wp-json\/wp\/v2\/media\/778"}],"wp:attachment":[{"href":"https:\/\/mein-burg-gymnasiumwettin.de\/index.php\/wp-json\/wp\/v2\/media?parent=779"}],"wp:term":[{"taxonomy":"category","embeddable":true,"href":"https:\/\/mein-burg-gymnasiumwettin.de\/index.php\/wp-json\/wp\/v2\/categories?post=779"},{"taxonomy":"post_tag","embeddable":true,"href":"https:\/\/mein-burg-gymnasiumwettin.de\/index.php\/wp-json\/wp\/v2\/tags?post=779"}],"curies":[{"name":"wp","href":"https:\/\/api.w.org\/{rel}","templated":true}]}}