{"id":784,"date":"2022-06-14T20:47:47","date_gmt":"2022-06-14T18:47:47","guid":{"rendered":"https:\/\/mein-burg-gymnasiumwettin.de\/?p=784"},"modified":"2022-06-14T20:48:04","modified_gmt":"2022-06-14T18:48:04","slug":"saalburg-top-oder-flop","status":"publish","type":"post","link":"https:\/\/mein-burg-gymnasiumwettin.de\/index.php\/2022\/06\/14\/saalburg-top-oder-flop\/","title":{"rendered":"Saalburg \u2013 Top oder Flop"},"content":{"rendered":"\n<p>Was verbirgt sich dahinter?<\/p>\n\n\n\n<p>Zu Beginn unsrer Klassenfahrt nach Saalburg hatten wir uns in Gruppen aufgeteilt, um die Ereignisse per Video oder Foto festzuhalten. Am 03.06.2022 haben wir uns (Klasse 8\/3) mit den Jugend- und Medienzentrum NEST e.V. zusammengetan, um eine Sendung \u00fcber unsere Klassenfahrt zu drehen. Zun\u00e4chst erhielten wir eine Einweisung durch Herrn Kahles, der uns neben zwei FSJ-lern bei diesem Ein-Tagesprojekt (Erstmalig! Wir waren ein bisschen die Versuchskaninchen.) betreute. Anschlie\u00dfend wurden die Texte bzw. Sprechanteile formuliert. Die Szenen wurden sp\u00e4ter im NEST vor einem Greenscreen aufgenommen. Pauline Jacobshagen war so nett und hat die komplette Sendung moderiert und je einen Sch\u00fcler\/-in aus den verschiedenen Gruppen interviewt. Die Klasse hat die Sendung au\u00dferdem mit kleinen Werbespots lustig gestaltet. F\u00fcr alle war es eine neue und aufregende Erfahrung (Liegen die Haare? Funktioniert das Mikro? Wo muss man hinschauen?), die uns gleichzeitig eine Menge Geduld abverlangte, da bekannterma\u00dfen zu Dreharbeiten auch Wartezeiten geh\u00f6ren. Dennoch war es ein sch\u00f6ner Abschluss der Klassenfahrtwoche, denn so konnten wir so manches Erlebnis nochmal Revue passieren lassen.<\/p>\n\n\n\n<figure class=\"wp-block-image size-large\"><img loading=\"lazy\" decoding=\"async\" width=\"810\" height=\"810\" src=\"https:\/\/mein-burg-gymnasiumwettin.de\/wp-content\/uploads\/2022\/06\/img_20220614_204231_5118376344743167612222.jpg\" alt=\"\" class=\"wp-image-782\" srcset=\"https:\/\/mein-burg-gymnasiumwettin.de\/wp-content\/uploads\/2022\/06\/img_20220614_204231_5118376344743167612222.jpg 810w, https:\/\/mein-burg-gymnasiumwettin.de\/wp-content\/uploads\/2022\/06\/img_20220614_204231_5118376344743167612222-300x300.jpg 300w, https:\/\/mein-burg-gymnasiumwettin.de\/wp-content\/uploads\/2022\/06\/img_20220614_204231_5118376344743167612222-150x150.jpg 150w, https:\/\/mein-burg-gymnasiumwettin.de\/wp-content\/uploads\/2022\/06\/img_20220614_204231_5118376344743167612222-768x768.jpg 768w\" sizes=\"auto, (max-width: 810px) 100vw, 810px\" \/><\/figure>\n\n\n\n<figure class=\"wp-block-image size-large\"><img loading=\"lazy\" decoding=\"async\" width=\"327\" height=\"327\" src=\"https:\/\/mein-burg-gymnasiumwettin.de\/wp-content\/uploads\/2022\/06\/img_20220614_204231_5566112116741322497392.jpg\" alt=\"\" class=\"wp-image-783\" srcset=\"https:\/\/mein-burg-gymnasiumwettin.de\/wp-content\/uploads\/2022\/06\/img_20220614_204231_5566112116741322497392.jpg 327w, https:\/\/mein-burg-gymnasiumwettin.de\/wp-content\/uploads\/2022\/06\/img_20220614_204231_5566112116741322497392-300x300.jpg 300w, https:\/\/mein-burg-gymnasiumwettin.de\/wp-content\/uploads\/2022\/06\/img_20220614_204231_5566112116741322497392-150x150.jpg 150w\" sizes=\"auto, (max-width: 327px) 100vw, 327px\" \/><\/figure>\n\n\n\n<p>Wir bedanken uns bei dem Jugend- und Medienzentrum und bei Fr. Block, dass sie uns dies erm\u00f6glicht haben.<\/p>\n\n\n\n<p>Ihr habt oder wollt ein \u00e4hnliches Projekt realisieren? Dann kontaktiert das Nest. Hier stehen euch professionelle Betreuung und umfangreiche Technik zur Verf\u00fcgung.<\/p>\n\n\n\n<p>Ashley R\u00fcckriem und Hannah Robitsch<\/p>\n\n\n\n<figure class=\"wp-block-image is-style-rounded\"><img decoding=\"async\" src=\"https:\/\/www.burg-gymnasiumwettin.de\/wp-content\/uploads\/2022\/06\/IMG_3847.jpg\" alt=\"\"\/><\/figure>\n","protected":false},"excerpt":{"rendered":"<p>Was verbirgt sich dahinter? Zu Beginn unsrer Klassenfahrt nach Saalburg hatten wir uns in Gruppen aufgeteilt, um die Ereignisse per Video oder Foto festzuhalten. Am 03.06.2022 haben wir uns (Klasse 8\/3) mit den Jugend- und Medienzentrum NEST e.V. zusammengetan, um eine Sendung \u00fcber unsere Klassenfahrt zu drehen. Zun\u00e4chst erhielten wir eine Einweisung durch Herrn Kahles, der uns neben zwei FSJ-lern [&hellip;]<\/p>\n","protected":false},"author":2,"featured_media":782,"comment_status":"closed","ping_status":"","sticky":false,"template":"","format":"standard","meta":{"footnotes":""},"categories":[1],"tags":[],"class_list":["post-784","post","type-post","status-publish","format-standard","has-post-thumbnail","hentry","category-allgemein"],"jetpack_featured_media_url":"https:\/\/mein-burg-gymnasiumwettin.de\/wp-content\/uploads\/2022\/06\/img_20220614_204231_5118376344743167612222.jpg","_links":{"self":[{"href":"https:\/\/mein-burg-gymnasiumwettin.de\/index.php\/wp-json\/wp\/v2\/posts\/784","targetHints":{"allow":["GET"]}}],"collection":[{"href":"https:\/\/mein-burg-gymnasiumwettin.de\/index.php\/wp-json\/wp\/v2\/posts"}],"about":[{"href":"https:\/\/mein-burg-gymnasiumwettin.de\/index.php\/wp-json\/wp\/v2\/types\/post"}],"author":[{"embeddable":true,"href":"https:\/\/mein-burg-gymnasiumwettin.de\/index.php\/wp-json\/wp\/v2\/users\/2"}],"replies":[{"embeddable":true,"href":"https:\/\/mein-burg-gymnasiumwettin.de\/index.php\/wp-json\/wp\/v2\/comments?post=784"}],"version-history":[{"count":1,"href":"https:\/\/mein-burg-gymnasiumwettin.de\/index.php\/wp-json\/wp\/v2\/posts\/784\/revisions"}],"predecessor-version":[{"id":785,"href":"https:\/\/mein-burg-gymnasiumwettin.de\/index.php\/wp-json\/wp\/v2\/posts\/784\/revisions\/785"}],"wp:featuredmedia":[{"embeddable":true,"href":"https:\/\/mein-burg-gymnasiumwettin.de\/index.php\/wp-json\/wp\/v2\/media\/782"}],"wp:attachment":[{"href":"https:\/\/mein-burg-gymnasiumwettin.de\/index.php\/wp-json\/wp\/v2\/media?parent=784"}],"wp:term":[{"taxonomy":"category","embeddable":true,"href":"https:\/\/mein-burg-gymnasiumwettin.de\/index.php\/wp-json\/wp\/v2\/categories?post=784"},{"taxonomy":"post_tag","embeddable":true,"href":"https:\/\/mein-burg-gymnasiumwettin.de\/index.php\/wp-json\/wp\/v2\/tags?post=784"}],"curies":[{"name":"wp","href":"https:\/\/api.w.org\/{rel}","templated":true}]}}