{"id":854,"date":"2022-07-12T14:34:23","date_gmt":"2022-07-12T12:34:23","guid":{"rendered":"https:\/\/mein-burg-gymnasiumwettin.de\/?p=854"},"modified":"2022-07-12T14:34:25","modified_gmt":"2022-07-12T12:34:25","slug":"the-big-challenge","status":"publish","type":"post","link":"https:\/\/mein-burg-gymnasiumwettin.de\/index.php\/2022\/07\/12\/the-big-challenge\/","title":{"rendered":"THE BIG CHALLENGE"},"content":{"rendered":"\n<p>Mitte Mai war es soweit: die diesj\u00e4hrige \u201eBig Challenge\u201c fand nach zwei Jahren Pause endlich wieder statt. Unter dem Motto \u201e<em>We love English<\/em>\u201c haben mehr als 50 Sch\u00fclerinnen und Sch\u00fcler des BGWs in den Jahrgangsstufen 5,6,7 und 8 an dem bundesweiten Wettbewerb teilgenommen und sich tapfer geschlagen. Neben den Zertifikaten wurden die Sch\u00fclerinnen und Sch\u00fcler mit verschiedensten Preisen belohnt: Bleistifte \u2013 mit der britischen Flagge, England-Poster, spannende Lekt\u00fcren, Kalender, eine Amerika oder England Flagge. Die Besten unter ihnen wurden sogar mit Hauptpreisen (Bildschirmvergr\u00f6\u00dfern) belohnt. &nbsp;Der Multiple-Choice Test ist so aufgebaut, dass die Freude am Umgang mit der englischen Sprache und ein motivierender Zugang (allen voran durch die kostenfreie App (English Every Day) im Vordergrund stehen. Abgepr\u00fcft wurden die F\u00e4higkeiten in den Bereichen H\u00f6r- und Leseverstehen sowie Grammatik und Landeskunde.<\/p>\n\n\n<style type=\"text\/css\">\r\n\t#foogallery-gallery-852 .fg-image {\r\n        width: 150px;\r\n    }\r\n<\/style>\r\n\t\t\t\t<div class=\"foogallery foogallery-container foogallery-default foogallery-lightbox-none fg-gutter-10 fg-center fg-default fg-light fg-border-thin fg-shadow-outline fg-loading-bars fg-loaded-fade-in fg-caption-hover fg-hover-fade fg-hover-zoom fg-ready\" id=\"foogallery-gallery-852\" data-foogallery=\"{&quot;item&quot;:{&quot;showCaptionTitle&quot;:true,&quot;showCaptionDescription&quot;:true},&quot;lazy&quot;:true}\" >\r\n\t<div class=\"fg-item fg-type-image fg-idle\"><figure class=\"fg-item-inner\"><a href=\"https:\/\/mein-burg-gymnasiumwettin.de\/wp-content\/uploads\/2022\/07\/20220616_105358-scaled.jpg\" data-attachment-id=\"848\" class=\"fg-thumb\"><span class=\"fg-image-wrap\"><img decoding=\"async\" width=\"150\" height=\"150\" class=\"skip-lazy fg-image\" data-src-fg=\"https:\/\/mein-burg-gymnasiumwettin.de\/wp-content\/uploads\/cache\/2022\/07\/20220616_105358-scaled\/1968397611.jpg\" src=\"data:image\/svg+xml,%3Csvg%20xmlns%3D%22http%3A%2F%2Fwww.w3.org%2F2000%2Fsvg%22%20width%3D%22150%22%20height%3D%22150%22%20viewBox%3D%220%200%20150%20150%22%3E%3C%2Fsvg%3E\" loading=\"eager\"><\/span><span class=\"fg-image-overlay\"><\/span><\/a><figcaption class=\"fg-caption\"><div class=\"fg-caption-inner\"><\/div><\/figcaption><\/figure><div class=\"fg-loader\"><\/div><\/div><div class=\"fg-item fg-type-image fg-idle\"><figure class=\"fg-item-inner\"><a href=\"https:\/\/mein-burg-gymnasiumwettin.de\/wp-content\/uploads\/2022\/07\/20220616_105406-scaled.jpg\" data-attachment-id=\"849\" class=\"fg-thumb\"><span class=\"fg-image-wrap\"><img decoding=\"async\" width=\"150\" height=\"150\" class=\"skip-lazy fg-image\" data-src-fg=\"https:\/\/mein-burg-gymnasiumwettin.de\/wp-content\/uploads\/cache\/2022\/07\/20220616_105406-scaled\/1477262136.jpg\" src=\"data:image\/svg+xml,%3Csvg%20xmlns%3D%22http%3A%2F%2Fwww.w3.org%2F2000%2Fsvg%22%20width%3D%22150%22%20height%3D%22150%22%20viewBox%3D%220%200%20150%20150%22%3E%3C%2Fsvg%3E\" loading=\"eager\"><\/span><span class=\"fg-image-overlay\"><\/span><\/a><figcaption class=\"fg-caption\"><div class=\"fg-caption-inner\"><\/div><\/figcaption><\/figure><div class=\"fg-loader\"><\/div><\/div><div class=\"fg-item fg-type-image fg-idle\"><figure class=\"fg-item-inner\"><a href=\"https:\/\/mein-burg-gymnasiumwettin.de\/wp-content\/uploads\/2022\/07\/20220616_110002-scaled.jpg\" data-attachment-id=\"850\" class=\"fg-thumb\"><span class=\"fg-image-wrap\"><img decoding=\"async\" width=\"150\" height=\"150\" class=\"skip-lazy fg-image\" data-src-fg=\"https:\/\/mein-burg-gymnasiumwettin.de\/wp-content\/uploads\/cache\/2022\/07\/20220616_110002-scaled\/3037111477.jpg\" src=\"data:image\/svg+xml,%3Csvg%20xmlns%3D%22http%3A%2F%2Fwww.w3.org%2F2000%2Fsvg%22%20width%3D%22150%22%20height%3D%22150%22%20viewBox%3D%220%200%20150%20150%22%3E%3C%2Fsvg%3E\" loading=\"eager\"><\/span><span class=\"fg-image-overlay\"><\/span><\/a><figcaption class=\"fg-caption\"><div class=\"fg-caption-inner\"><\/div><\/figcaption><\/figure><div class=\"fg-loader\"><\/div><\/div><div class=\"fg-item fg-type-image fg-idle\"><figure class=\"fg-item-inner\"><a href=\"https:\/\/mein-burg-gymnasiumwettin.de\/wp-content\/uploads\/2022\/07\/20220616_110005-scaled.jpg\" data-attachment-id=\"851\" class=\"fg-thumb\"><span class=\"fg-image-wrap\"><img decoding=\"async\" width=\"150\" height=\"150\" class=\"skip-lazy fg-image\" data-src-fg=\"https:\/\/mein-burg-gymnasiumwettin.de\/wp-content\/uploads\/cache\/2022\/07\/20220616_110005-scaled\/3034674324.jpg\" src=\"data:image\/svg+xml,%3Csvg%20xmlns%3D%22http%3A%2F%2Fwww.w3.org%2F2000%2Fsvg%22%20width%3D%22150%22%20height%3D%22150%22%20viewBox%3D%220%200%20150%20150%22%3E%3C%2Fsvg%3E\" loading=\"eager\"><\/span><span class=\"fg-image-overlay\"><\/span><\/a><figcaption class=\"fg-caption\"><div class=\"fg-caption-inner\"><\/div><\/figcaption><\/figure><div class=\"fg-loader\"><\/div><\/div><div class=\"fg-item fg-type-image fg-idle\"><figure class=\"fg-item-inner\"><a href=\"https:\/\/mein-burg-gymnasiumwettin.de\/wp-content\/uploads\/2022\/07\/20220616_111340-scaled.jpg\" data-attachment-id=\"844\" class=\"fg-thumb\"><span class=\"fg-image-wrap\"><img decoding=\"async\" width=\"150\" height=\"150\" class=\"skip-lazy fg-image\" data-src-fg=\"https:\/\/mein-burg-gymnasiumwettin.de\/wp-content\/uploads\/cache\/2022\/07\/20220616_111340-scaled\/3269512466.jpg\" src=\"data:image\/svg+xml,%3Csvg%20xmlns%3D%22http%3A%2F%2Fwww.w3.org%2F2000%2Fsvg%22%20width%3D%22150%22%20height%3D%22150%22%20viewBox%3D%220%200%20150%20150%22%3E%3C%2Fsvg%3E\" loading=\"eager\"><\/span><span class=\"fg-image-overlay\"><\/span><\/a><figcaption class=\"fg-caption\"><div class=\"fg-caption-inner\"><\/div><\/figcaption><\/figure><div class=\"fg-loader\"><\/div><\/div><\/div>\r\n\n\n\n\n<p>Wirklich herausragende Leistungen &nbsp;in der Jahrgangsstufe 5 erzielten <em>Hannah Hollburg<\/em> aus der Klasse 5\/3 (2. Platz schulintern, 4. Platz: landesweit) und allen voran <em>Arick Elske<\/em> aus der Klasse 5\/2. Er war &nbsp;nicht nur schulintern der Beste, sondern erreichte auch landesweit den Zweitbesten Platz von insgesamt 310 Teilnehmern. Ebenso eine super Leistung erreichte die Sch\u00fclerin <em>Annalena Zwanzig<\/em> aus der Klasse 7\/2. Sie belegte nicht nur auf Schul- sondern auch auf Landesebene (den 1. Platz). Auch das Ergebnis ihrer Mitstreiterin <em>Karolin Katrin Kusebauch<\/em> aus der Klasse 7\/1 l\u00e4sst sich zeigen (schulintern Platz 2, landesweit Platz 7). Insgesamt sind in dieser Jahrgangsstufe 109 Teilnehmer landesweit an den Start gegangen.&nbsp;<\/p>\n\n\n<style type=\"text\/css\">\r\n\t#foogallery-gallery-853 .fg-image {\r\n        width: 150px;\r\n    }\r\n<\/style>\r\n\t\t\t\t<div class=\"foogallery foogallery-container foogallery-default foogallery-lightbox-none fg-gutter-10 fg-center fg-default fg-light fg-border-thin fg-shadow-outline fg-loading-bars fg-loaded-fade-in fg-caption-hover fg-hover-fade fg-hover-zoom fg-ready\" id=\"foogallery-gallery-853\" data-foogallery=\"{&quot;item&quot;:{&quot;showCaptionTitle&quot;:true,&quot;showCaptionDescription&quot;:true},&quot;lazy&quot;:true}\" >\r\n\t<div class=\"fg-item fg-type-image fg-idle\"><figure class=\"fg-item-inner\"><a href=\"https:\/\/mein-burg-gymnasiumwettin.de\/wp-content\/uploads\/2022\/07\/20220616_105358-scaled.jpg\" data-attachment-id=\"848\" class=\"fg-thumb\"><span class=\"fg-image-wrap\"><img decoding=\"async\" width=\"150\" height=\"150\" class=\"skip-lazy fg-image\" data-src-fg=\"https:\/\/mein-burg-gymnasiumwettin.de\/wp-content\/uploads\/cache\/2022\/07\/20220616_105358-scaled\/1512913202.jpg\" src=\"data:image\/svg+xml,%3Csvg%20xmlns%3D%22http%3A%2F%2Fwww.w3.org%2F2000%2Fsvg%22%20width%3D%22150%22%20height%3D%22150%22%20viewBox%3D%220%200%20150%20150%22%3E%3C%2Fsvg%3E\" loading=\"eager\"><\/span><span class=\"fg-image-overlay\"><\/span><\/a><figcaption class=\"fg-caption\"><div class=\"fg-caption-inner\"><\/div><\/figcaption><\/figure><div class=\"fg-loader\"><\/div><\/div><div class=\"fg-item fg-type-image fg-idle\"><figure class=\"fg-item-inner\"><a href=\"https:\/\/mein-burg-gymnasiumwettin.de\/wp-content\/uploads\/2022\/07\/20220616_112256-scaled.jpg\" data-attachment-id=\"847\" class=\"fg-thumb\"><span class=\"fg-image-wrap\"><img decoding=\"async\" width=\"150\" height=\"150\" class=\"skip-lazy fg-image\" data-src-fg=\"https:\/\/mein-burg-gymnasiumwettin.de\/wp-content\/uploads\/cache\/2022\/07\/20220616_112256-scaled\/2021039429.jpg\" src=\"data:image\/svg+xml,%3Csvg%20xmlns%3D%22http%3A%2F%2Fwww.w3.org%2F2000%2Fsvg%22%20width%3D%22150%22%20height%3D%22150%22%20viewBox%3D%220%200%20150%20150%22%3E%3C%2Fsvg%3E\" loading=\"eager\"><\/span><span class=\"fg-image-overlay\"><\/span><\/a><figcaption class=\"fg-caption\"><div class=\"fg-caption-inner\"><\/div><\/figcaption><\/figure><div class=\"fg-loader\"><\/div><\/div><div class=\"fg-item fg-type-image fg-idle\"><figure class=\"fg-item-inner\"><a href=\"https:\/\/mein-burg-gymnasiumwettin.de\/wp-content\/uploads\/2022\/07\/20220616_112107-scaled.jpg\" data-attachment-id=\"845\" class=\"fg-thumb\"><span class=\"fg-image-wrap\"><img decoding=\"async\" width=\"150\" height=\"150\" class=\"skip-lazy fg-image\" data-src-fg=\"https:\/\/mein-burg-gymnasiumwettin.de\/wp-content\/uploads\/cache\/2022\/07\/20220616_112107-scaled\/116553736.jpg\" src=\"data:image\/svg+xml,%3Csvg%20xmlns%3D%22http%3A%2F%2Fwww.w3.org%2F2000%2Fsvg%22%20width%3D%22150%22%20height%3D%22150%22%20viewBox%3D%220%200%20150%20150%22%3E%3C%2Fsvg%3E\" loading=\"eager\"><\/span><span class=\"fg-image-overlay\"><\/span><\/a><figcaption class=\"fg-caption\"><div class=\"fg-caption-inner\"><\/div><\/figcaption><\/figure><div class=\"fg-loader\"><\/div><\/div><div class=\"fg-item fg-type-image fg-idle\"><figure class=\"fg-item-inner\"><a href=\"https:\/\/mein-burg-gymnasiumwettin.de\/wp-content\/uploads\/2022\/07\/20220616_110113-scaled.jpg\" data-attachment-id=\"841\" class=\"fg-thumb\"><span class=\"fg-image-wrap\"><img decoding=\"async\" width=\"150\" height=\"150\" class=\"skip-lazy fg-image\" data-src-fg=\"https:\/\/mein-burg-gymnasiumwettin.de\/wp-content\/uploads\/cache\/2022\/07\/20220616_110113-scaled\/557486422.jpg\" src=\"data:image\/svg+xml,%3Csvg%20xmlns%3D%22http%3A%2F%2Fwww.w3.org%2F2000%2Fsvg%22%20width%3D%22150%22%20height%3D%22150%22%20viewBox%3D%220%200%20150%20150%22%3E%3C%2Fsvg%3E\" loading=\"eager\"><\/span><span class=\"fg-image-overlay\"><\/span><\/a><figcaption class=\"fg-caption\"><div class=\"fg-caption-inner\"><\/div><\/figcaption><\/figure><div class=\"fg-loader\"><\/div><\/div><div class=\"fg-item fg-type-image fg-idle\"><figure class=\"fg-item-inner\"><a href=\"https:\/\/mein-burg-gymnasiumwettin.de\/wp-content\/uploads\/2022\/07\/20220616_110747-scaled.jpg\" data-attachment-id=\"842\" class=\"fg-thumb\"><span class=\"fg-image-wrap\"><img decoding=\"async\" width=\"150\" height=\"150\" class=\"skip-lazy fg-image\" data-src-fg=\"https:\/\/mein-burg-gymnasiumwettin.de\/wp-content\/uploads\/cache\/2022\/07\/20220616_110747-scaled\/41023783.jpg\" src=\"data:image\/svg+xml,%3Csvg%20xmlns%3D%22http%3A%2F%2Fwww.w3.org%2F2000%2Fsvg%22%20width%3D%22150%22%20height%3D%22150%22%20viewBox%3D%220%200%20150%20150%22%3E%3C%2Fsvg%3E\" loading=\"eager\"><\/span><span class=\"fg-image-overlay\"><\/span><\/a><figcaption class=\"fg-caption\"><div class=\"fg-caption-inner\"><\/div><\/figcaption><\/figure><div class=\"fg-loader\"><\/div><\/div><div class=\"fg-item fg-type-image fg-idle\"><figure class=\"fg-item-inner\"><a href=\"https:\/\/mein-burg-gymnasiumwettin.de\/wp-content\/uploads\/2022\/07\/20220616_110830-scaled.jpg\" data-attachment-id=\"843\" class=\"fg-thumb\"><span class=\"fg-image-wrap\"><img decoding=\"async\" width=\"150\" height=\"150\" class=\"skip-lazy fg-image\" data-src-fg=\"https:\/\/mein-burg-gymnasiumwettin.de\/wp-content\/uploads\/cache\/2022\/07\/20220616_110830-scaled\/955114150.jpg\" src=\"data:image\/svg+xml,%3Csvg%20xmlns%3D%22http%3A%2F%2Fwww.w3.org%2F2000%2Fsvg%22%20width%3D%22150%22%20height%3D%22150%22%20viewBox%3D%220%200%20150%20150%22%3E%3C%2Fsvg%3E\" loading=\"eager\"><\/span><span class=\"fg-image-overlay\"><\/span><\/a><figcaption class=\"fg-caption\"><div class=\"fg-caption-inner\"><\/div><\/figcaption><\/figure><div class=\"fg-loader\"><\/div><\/div><\/div>\r\n\n\n\n\n<p>Allen Teilnehmerinnen und Teilnehmern auch von dieser Stelle noch einmal ein ganz gro\u00dfes Lob und <em>\u201econgratulations<\/em>\u201c.<\/p>\n\n\n\n<p>Das Team Englisch freut sich schon jetzt auf die n\u00e4chste Challenge und l\u00e4dt alle Sch\u00fclerinnen und Sch\u00fcler herzlich ein wieder erfolgreich an den Start zu gehen.<\/p>\n","protected":false},"excerpt":{"rendered":"<p>Mitte Mai war es soweit: die diesj\u00e4hrige \u201eBig Challenge\u201c fand nach zwei Jahren Pause endlich wieder statt. Unter dem Motto \u201eWe love English\u201c haben mehr als 50 Sch\u00fclerinnen und Sch\u00fcler des BGWs in den Jahrgangsstufen 5,6,7 und 8 an dem bundesweiten Wettbewerb teilgenommen und sich tapfer geschlagen. Neben den Zertifikaten wurden die Sch\u00fclerinnen und Sch\u00fcler mit verschiedensten Preisen belohnt: Bleistifte [&hellip;]<\/p>\n","protected":false},"author":1,"featured_media":847,"comment_status":"closed","ping_status":"closed","sticky":false,"template":"","format":"standard","meta":{"footnotes":""},"categories":[1],"tags":[],"class_list":["post-854","post","type-post","status-publish","format-standard","has-post-thumbnail","hentry","category-allgemein"],"jetpack_featured_media_url":"https:\/\/mein-burg-gymnasiumwettin.de\/wp-content\/uploads\/2022\/07\/20220616_112256-scaled.jpg","_links":{"self":[{"href":"https:\/\/mein-burg-gymnasiumwettin.de\/index.php\/wp-json\/wp\/v2\/posts\/854","targetHints":{"allow":["GET"]}}],"collection":[{"href":"https:\/\/mein-burg-gymnasiumwettin.de\/index.php\/wp-json\/wp\/v2\/posts"}],"about":[{"href":"https:\/\/mein-burg-gymnasiumwettin.de\/index.php\/wp-json\/wp\/v2\/types\/post"}],"author":[{"embeddable":true,"href":"https:\/\/mein-burg-gymnasiumwettin.de\/index.php\/wp-json\/wp\/v2\/users\/1"}],"replies":[{"embeddable":true,"href":"https:\/\/mein-burg-gymnasiumwettin.de\/index.php\/wp-json\/wp\/v2\/comments?post=854"}],"version-history":[{"count":2,"href":"https:\/\/mein-burg-gymnasiumwettin.de\/index.php\/wp-json\/wp\/v2\/posts\/854\/revisions"}],"predecessor-version":[{"id":856,"href":"https:\/\/mein-burg-gymnasiumwettin.de\/index.php\/wp-json\/wp\/v2\/posts\/854\/revisions\/856"}],"wp:featuredmedia":[{"embeddable":true,"href":"https:\/\/mein-burg-gymnasiumwettin.de\/index.php\/wp-json\/wp\/v2\/media\/847"}],"wp:attachment":[{"href":"https:\/\/mein-burg-gymnasiumwettin.de\/index.php\/wp-json\/wp\/v2\/media?parent=854"}],"wp:term":[{"taxonomy":"category","embeddable":true,"href":"https:\/\/mein-burg-gymnasiumwettin.de\/index.php\/wp-json\/wp\/v2\/categories?post=854"},{"taxonomy":"post_tag","embeddable":true,"href":"https:\/\/mein-burg-gymnasiumwettin.de\/index.php\/wp-json\/wp\/v2\/tags?post=854"}],"curies":[{"name":"wp","href":"https:\/\/api.w.org\/{rel}","templated":true}]}}